{"id":7705,"date":"2019-03-07T22:33:45","date_gmt":"2019-03-08T01:33:45","guid":{"rendered":"http:\/\/www.adeom.org.uy\/sitio\/?p=7705"},"modified":"2019-03-07T22:33:45","modified_gmt":"2019-03-08T01:33:45","slug":"la-mesa-ejecutiva-de-adeom-comunica","status":"publish","type":"post","link":"https:\/\/www.adeom.org.uy\/sitio\/la-mesa-ejecutiva-de-adeom-comunica\/","title":{"rendered":"La mesa ejecutiva de ADEOM comunica:"},"content":{"rendered":"<p>El d\u00eda 8 de Marzo, adhiere a la paralizaci\u00f3n por el d\u00eda de la mujer trabajadora.<br \/>\nLa medida ser\u00e1 desde las 16:00 hasta la finalizaci\u00f3n de la jornada, y a su vez el sindicato avalar\u00e1 a todos los compa\u00f1eros y compa\u00f1eras que quieran paralizar 24 horas.<\/p>\n","protected":false},"excerpt":{"rendered":"<p>El d\u00eda 8 de Marzo, adhiere a la paralizaci\u00f3n por el d\u00eda de la mujer trabajadora. La medida ser\u00e1 desde las 16:00 hasta la finalizaci\u00f3n de la jornada, y a su vez el sindicato avalar\u00e1 a todos los compa\u00f1eros y compa\u00f1eras que quieran paralizar 24 horas.<\/p>\n","protected":false},"author":1,"featured_media":7706,"comment_status":"open","ping_status":"open","sticky":false,"template":"","format":"standard","meta":{"_acf_changed":false,"_monsterinsights_skip_tracking":false,"_monsterinsights_sitenote_active":false,"_monsterinsights_sitenote_note":"","_monsterinsights_sitenote_category":0,"footnotes":""},"categories":[63],"tags":[73,45],"class_list":["post-7705","post","type-post","status-publish","format-standard","has-post-thumbnail","hentry","category-comunicados","tag-8-de-marzo","tag-adeom"],"acf":[],"_links":{"self":[{"href":"https:\/\/www.adeom.org.uy\/sitio\/wp-json\/wp\/v2\/posts\/7705","targetHints":{"allow":["GET"]}}],"collection":[{"href":"https:\/\/www.adeom.org.uy\/sitio\/wp-json\/wp\/v2\/posts"}],"about":[{"href":"https:\/\/www.adeom.org.uy\/sitio\/wp-json\/wp\/v2\/types\/post"}],"author":[{"embeddable":true,"href":"https:\/\/www.adeom.org.uy\/sitio\/wp-json\/wp\/v2\/users\/1"}],"replies":[{"embeddable":true,"href":"https:\/\/www.adeom.org.uy\/sitio\/wp-json\/wp\/v2\/comments?post=7705"}],"version-history":[{"count":1,"href":"https:\/\/www.adeom.org.uy\/sitio\/wp-json\/wp\/v2\/posts\/7705\/revisions"}],"predecessor-version":[{"id":7707,"href":"https:\/\/www.adeom.org.uy\/sitio\/wp-json\/wp\/v2\/posts\/7705\/revisions\/7707"}],"wp:featuredmedia":[{"embeddable":true,"href":"https:\/\/www.adeom.org.uy\/sitio\/wp-json\/wp\/v2\/media\/7706"}],"wp:attachment":[{"href":"https:\/\/www.adeom.org.uy\/sitio\/wp-json\/wp\/v2\/media?parent=7705"}],"wp:term":[{"taxonomy":"category","embeddable":true,"href":"https:\/\/www.adeom.org.uy\/sitio\/wp-json\/wp\/v2\/categories?post=7705"},{"taxonomy":"post_tag","embeddable":true,"href":"https:\/\/www.adeom.org.uy\/sitio\/wp-json\/wp\/v2\/tags?post=7705"}],"curies":[{"name":"wp","href":"https:\/\/api.w.org\/{rel}","templated":true}]}}