{"id":7679,"date":"2018-12-28T19:01:27","date_gmt":"2018-12-28T22:01:27","guid":{"rendered":"http:\/\/www.adeom.org.uy\/sitio\/?p=7679"},"modified":"2018-12-28T19:01:27","modified_gmt":"2018-12-28T22:01:27","slug":"28-12-2018-comunicado-de-adeom-sobre-informacion-erronea-que-circula-por-whatsapp","status":"publish","type":"post","link":"http:\/\/www.adeom.org.uy\/sitio\/28-12-2018-comunicado-de-adeom-sobre-informacion-erronea-que-circula-por-whatsapp\/","title":{"rendered":"28.12.2018 Comunicado de ADEOM sobre informaci\u00f3n err\u00f3nea que circula por whatsapp"},"content":{"rendered":"<p>Informamos a todos\/as los compa\u00f1eros\/as, que la informaci\u00f3n circulante a trav\u00e9s de WhatsApp con el logo de Facebook de ADEOM MONTEVIDEO, estableciendo que el d\u00eda 31\/12\/2018 sera libre, es incorrecta y falsa por lo que ADEOM deslinda toda responsabilidad al respecto, por lo tanto ser\u00e1 un d\u00eda normal de trabajo.<\/p>\n","protected":false},"excerpt":{"rendered":"<p>Informamos a todos\/as los compa\u00f1eros\/as, que la informaci\u00f3n circulante a trav\u00e9s de WhatsApp con el logo de Facebook de ADEOM MONTEVIDEO, estableciendo que el d\u00eda 31\/12\/2018 sera libre, es incorrecta y falsa por lo que ADEOM deslinda toda responsabilidad al respecto, por lo tanto ser\u00e1 un d\u00eda normal de trabajo.<\/p>\n","protected":false},"author":1,"featured_media":0,"comment_status":"open","ping_status":"open","sticky":false,"template":"","format":"image","meta":{"_acf_changed":false,"_monsterinsights_skip_tracking":false,"_monsterinsights_sitenote_active":false,"_monsterinsights_sitenote_note":"","_monsterinsights_sitenote_category":0,"footnotes":""},"categories":[63],"tags":[45],"class_list":["post-7679","post","type-post","status-publish","format-image","hentry","category-comunicados","tag-adeom","post_format-post-format-image"],"acf":[],"_links":{"self":[{"href":"http:\/\/www.adeom.org.uy\/sitio\/wp-json\/wp\/v2\/posts\/7679","targetHints":{"allow":["GET"]}}],"collection":[{"href":"http:\/\/www.adeom.org.uy\/sitio\/wp-json\/wp\/v2\/posts"}],"about":[{"href":"http:\/\/www.adeom.org.uy\/sitio\/wp-json\/wp\/v2\/types\/post"}],"author":[{"embeddable":true,"href":"http:\/\/www.adeom.org.uy\/sitio\/wp-json\/wp\/v2\/users\/1"}],"replies":[{"embeddable":true,"href":"http:\/\/www.adeom.org.uy\/sitio\/wp-json\/wp\/v2\/comments?post=7679"}],"version-history":[{"count":1,"href":"http:\/\/www.adeom.org.uy\/sitio\/wp-json\/wp\/v2\/posts\/7679\/revisions"}],"predecessor-version":[{"id":7682,"href":"http:\/\/www.adeom.org.uy\/sitio\/wp-json\/wp\/v2\/posts\/7679\/revisions\/7682"}],"wp:attachment":[{"href":"http:\/\/www.adeom.org.uy\/sitio\/wp-json\/wp\/v2\/media?parent=7679"}],"wp:term":[{"taxonomy":"category","embeddable":true,"href":"http:\/\/www.adeom.org.uy\/sitio\/wp-json\/wp\/v2\/categories?post=7679"},{"taxonomy":"post_tag","embeddable":true,"href":"http:\/\/www.adeom.org.uy\/sitio\/wp-json\/wp\/v2\/tags?post=7679"}],"curies":[{"name":"wp","href":"https:\/\/api.w.org\/{rel}","templated":true}]}}